[{"@context":"https:\/\/schema.org\/","@type":"Article","@id":"https:\/\/www.eu1.cz\/v-ceske-republice-je-stale-tendence-bydlet-ve-vlastnim\/#Article","mainEntityOfPage":"https:\/\/www.eu1.cz\/v-ceske-republice-je-stale-tendence-bydlet-ve-vlastnim\/","headline":"V \u010cesk\u00e9 republice je st\u00e1le tendence bydlet ve vlastn\u00edm","name":"V \u010cesk\u00e9 republice je st\u00e1le tendence bydlet ve vlastn\u00edm","description":"Kdybyste se zam\u011b\u0159ili na trend, kter\u00fd vyzn\u00e1vaj\u00ed n\u011bkter\u00e9 st\u00e1ty z\u00e1padn\u00ed Evropy, zjist\u00edte, \u017ee se tam ve zna\u010dn\u00e9 m\u00ed\u0159e prosazuje n\u00e1jemn\u00ed bydlen\u00ed. N\u011bkter\u00fdm lidem to p\u0159in\u00e1\u0161\u00ed jist\u00e9 v\u00fdhody, zejm\u00e9na jedinc\u016fm mlad\u0161\u00ed v\u011bkov\u00e9 kategorie, kte\u0159\u00ed r\u00e1di st\u0159\u00eddaj\u00ed zam\u011bstn\u00e1n\u00ed a m\u011bn\u00ed m\u00edsta pobytu, tak\u017ee sv\u016fj ran\u00fd v\u011bk zpest\u0159uj\u00ed r\u016fzn\u00fdmi z\u00e1\u017eitky z mnoha m\u00edst a mohou jej pova\u017eovat za [&hellip;]","datePublished":"2021-12-08","dateModified":"2023-05-15","author":{"@type":"Person","@id":"https:\/\/www.eu1.cz\/author\/#Person","name":"","url":"https:\/\/www.eu1.cz\/author\/","identifier":1,"image":{"@type":"ImageObject","@id":"https:\/\/secure.gravatar.com\/avatar\/82449f5dd313bdc88befc1a2d3138ce45c5e7d5eeee84221e3cf7fbc184b80d3?s=96&d=mm&r=g","url":"https:\/\/secure.gravatar.com\/avatar\/82449f5dd313bdc88befc1a2d3138ce45c5e7d5eeee84221e3cf7fbc184b80d3?s=96&d=mm&r=g","height":96,"width":96}},"publisher":{"@type":"Organization","name":"eu1.cz","logo":{"@type":"ImageObject","@id":"\/logo.png","url":"\/logo.png","width":600,"height":60}},"image":{"@type":"ImageObject","@id":"https:\/\/www.eu1.cz\/wp-content\/uploads\/kitchen-gf9d7a9abc_640.jpg","url":"https:\/\/www.eu1.cz\/wp-content\/uploads\/kitchen-gf9d7a9abc_640.jpg","height":0,"width":0},"url":"https:\/\/www.eu1.cz\/v-ceske-republice-je-stale-tendence-bydlet-ve-vlastnim\/","about":["Zbo\u017e\u00ed"],"wordCount":434,"articleBody":"   Kdybyste se zam\u011b\u0159ili na trend, kter\u00fd vyzn\u00e1vaj\u00ed n\u011bkter\u00e9 st\u00e1ty z\u00e1padn\u00ed Evropy, zjist\u00edte, \u017ee se tam ve zna\u010dn\u00e9 m\u00ed\u0159e prosazuje n\u00e1jemn\u00ed bydlen\u00ed. N\u011bkter\u00fdm lidem to p\u0159in\u00e1\u0161\u00ed jist\u00e9 v\u00fdhody, zejm\u00e9na jedinc\u016fm mlad\u0161\u00ed v\u011bkov\u00e9 kategorie, kte\u0159\u00ed r\u00e1di st\u0159\u00eddaj\u00ed zam\u011bstn\u00e1n\u00ed a m\u011bn\u00ed m\u00edsta pobytu, tak\u017ee sv\u016fj ran\u00fd v\u011bk zpest\u0159uj\u00ed r\u016fzn\u00fdmi z\u00e1\u017eitky z mnoha m\u00edst a mohou jej pova\u017eovat za dobrodru\u017en\u011bj\u0161\u00ed. Z\u00e1rove\u0148 nejsou p\u0159ipout\u00e1ni prakticky \u017e\u00e1dnou vazbou ke sv\u00e9mu rodi\u0161ti \u010di tradic\u00edm sv\u00fdch p\u0159edk\u016f.Na\u0161e zem\u011b se v\u0161ak vyv\u00edj\u00ed odli\u0161n\u00fdm sm\u011brem, u n\u00e1s byl rodn\u00fd grunt ji\u017e v minulosti \u010d\u00edmsi z\u00e1kladn\u00edm pro p\u0159e\u017eit\u00ed. Poskytoval pevn\u00e9 z\u00e1zem\u00ed, spojen\u00ed s lokalitou a lidmi v n\u00ed \u017eij\u00edc\u00edmi, podporoval udr\u017eov\u00e1n\u00ed kulturn\u00edch tradic, co\u017e je v\u00fdrazn\u00e9 zejm\u00e9na na Morav\u011b nap\u0159. na B\u0159eclavsku, kde jsou lidov\u00e9 kroje st\u00e1le velk\u00fdm p\u0159edm\u011btem z\u00e1jmu r\u016fzn\u00fdch n\u00e1rodopisn\u00fdch slavnost\u00ed.Nedivme se tedy lidem, kte\u0159\u00ed se sna\u017e\u00ed j\u00edt cestou vlastn\u00edho bydlen\u00ed a mnoz\u00ed z nich si uv\u011bdomuj\u00ed i \u00faskal\u00ed modern\u00ed doby spojen\u00e1 s n\u00e1jemn\u00edm bydlen\u00edm. Pro mlad\u00e9ho \u010dlov\u011bka nemus\u00ed v\u00fdpov\u011b\u010f ze strany pronaj\u00edmatele b\u00fdt ni\u010d\u00edm tragick\u00fdm, zkr\u00e1tka se snadno sbal\u00ed a p\u0159est\u011bhuje za p\u00e1r m\u011bs\u00edc\u016f jinam. Pr\u00e1ci si mlad\u00ed lid\u00e9 hledaj\u00ed sn\u00e1z, ne\u017e lid\u00e9 ve v\u011bku pokro\u010dil\u00e9m, ale jak st\u00e1rneme, s\u00e1z\u00edme rad\u011bji na jistotu, aby n\u00e1s nikdo ze sv\u00e9 v\u016fle nemohl donutit ke zm\u011bn\u011b m\u00edsta, na kter\u00e9 jsme zvykl\u00ed, m\u00e1me tu sv\u00e9 p\u0159\u00e1tele a dal\u0161\u00ed vybudovan\u00e9 mezilidsk\u00e9 vztahy.O tyto vazby a hodnoty se op\u00edraj\u00ed i stavebn\u00ed firmy v Havl\u00ed\u010dkov\u011b Brod\u011b HB stavby. V\u011b\u0159\u00ed sv\u00fdm z\u00e1kazn\u00edk\u016fm, \u017ee jsou to lid\u00e9, kte\u0159\u00ed jsou ji\u017e pevn\u011b rozhodnuti j\u00edt touto cestou, a na vztaz\u00edch vz\u00e1jemn\u00e9 d\u016fv\u011bry vznikaj\u00ed projekty rodinn\u00fdch dom\u016f na Vyso\u010din\u011b, p\u0159\u00edpadn\u011b v jin\u00fdch lokalit\u00e1ch na p\u0159\u00e1n\u00ed z\u00e1kazn\u00edka. \u010ceskomoravsk\u00e1 vrchovina je nav\u00edc krajem velmi vl\u00eddn\u00fdm, s n\u00edzkou hustotou obyvatel a tedy s v\u011bt\u0161\u00edm klidem, bez smogu a pr\u016fmyslov\u00fdch zplodin a z\u00e1rove\u0148 s mnoha zaj\u00edmav\u00fdmi p\u0159\u00edrodn\u00edmi pam\u00e1tkami a lokalitami, jako jsou nap\u0159. CHKO \u017d\u010f\u00e1rsk\u00e9 vrchy.                                                                                                                                                                                                                                                                                                                                                                                          4.2\/5 - (12 votes)        "},{"@context":"https:\/\/schema.org\/","@type":"BreadcrumbList","itemListElement":[{"@type":"ListItem","position":1,"name":"V \u010cesk\u00e9 republice je st\u00e1le tendence bydlet ve vlastn\u00edm","item":"https:\/\/www.eu1.cz\/v-ceske-republice-je-stale-tendence-bydlet-ve-vlastnim\/#breadcrumbitem"}]}]