[{"@context":"https:\/\/schema.org\/","@type":"Article","@id":"https:\/\/www.eu1.cz\/umime-vyuzit-vsech-volnych-prostor\/#Article","mainEntityOfPage":"https:\/\/www.eu1.cz\/umime-vyuzit-vsech-volnych-prostor\/","headline":"Um\u00edme vyu\u017e\u00edt v\u0161ech voln\u00fdch prostor","name":"Um\u00edme vyu\u017e\u00edt v\u0161ech voln\u00fdch prostor","description":"Chceme v\u00e1m nab\u00eddnout v\u00fdrobu na\u0161ich vestav\u011bn\u00fdch sk\u0159\u00edn\u00ed Praha. Neum\u00edte si je zat\u00edm p\u0159edstavit? To se brzy zm\u011bn\u00ed. P\u0159ijedeme k v\u00e1m, m\u00edstnosti zam\u011b\u0159\u00edme a n\u00e1sledn\u011b v\u00e1m provedeme vizualizaci. Tam ji\u017e uvid\u00edte, zda budou spl\u0148ovat va\u0161e p\u0159edstavy. Budeme je postupn\u011b dle va\u0161eho p\u0159\u00e1n\u00ed upravovat. Potom ji\u017e n\u00e1m nic nebudete br\u00e1nit, za\u010d\u00edt s vlastn\u00ed v\u00fdrobou. Uvnit\u0159 doporu\u010dujeme d\u00e1t [&hellip;]","datePublished":"2025-01-15","dateModified":"2025-01-15","author":{"@type":"Person","@id":"https:\/\/www.eu1.cz\/author\/#Person","name":"","url":"https:\/\/www.eu1.cz\/author\/","identifier":1,"image":{"@type":"ImageObject","@id":"https:\/\/secure.gravatar.com\/avatar\/82449f5dd313bdc88befc1a2d3138ce45c5e7d5eeee84221e3cf7fbc184b80d3?s=96&d=mm&r=g","url":"https:\/\/secure.gravatar.com\/avatar\/82449f5dd313bdc88befc1a2d3138ce45c5e7d5eeee84221e3cf7fbc184b80d3?s=96&d=mm&r=g","height":96,"width":96}},"publisher":{"@type":"Organization","name":"eu1.cz","logo":{"@type":"ImageObject","@id":"\/logo.png","url":"\/logo.png","width":600,"height":60}},"url":"https:\/\/www.eu1.cz\/umime-vyuzit-vsech-volnych-prostor\/","wordCount":178,"articleBody":"Chceme v\u00e1m nab\u00eddnout v\u00fdrobu na\u0161ich vestav\u011bn\u00fdch sk\u0159\u00edn\u00ed Praha. Neum\u00edte si je zat\u00edm p\u0159edstavit? To se brzy zm\u011bn\u00ed. P\u0159ijedeme k v\u00e1m, m\u00edstnosti zam\u011b\u0159\u00edme a n\u00e1sledn\u011b v\u00e1m provedeme vizualizaci. Tam ji\u017e uvid\u00edte, zda budou spl\u0148ovat va\u0161e p\u0159edstavy. Budeme je postupn\u011b dle va\u0161eho p\u0159\u00e1n\u00ed upravovat. Potom ji\u017e n\u00e1m nic nebudete br\u00e1nit, za\u010d\u00edt s vlastn\u00ed v\u00fdrobou. Uvnit\u0159 doporu\u010dujeme d\u00e1t kr\u00e1tk\u00e9 nebo dlouh\u00e9 v\u011b\u0161en\u00ed Vyberte si z na\u0161ich vestav\u011bn\u00fdch sk\u0159\u00edn\u00ed Praha. Ji\u017e na v\u00e1s \u010dekaj\u00ed. Doporu\u010dujeme je zejm\u00e9na do v\u0161ech p\u016fdn\u00edch byt\u016f nebo kancel\u00e1\u0159\u00ed. Tam v\u0161ude najdou nejv\u011bt\u0161\u00ed uplatn\u011bn\u00ed. Pot\u00ed\u017ee s vybaven\u00edm budou m\u00edt i majitel\u00e9 mal\u00fdch nebo naopak p\u0159\u00edli\u0161 velk\u00fdch byt\u016f. I tam bude slo\u017eit\u00e9 naj\u00edt obchod, ve kter\u00e9m by se daly koupit. U n\u00e1s v\u00e1m je m\u016f\u017eeme zhotovit p\u0159\u00edmo na m\u00edru.                                                                                                                                                                                                                                                                                                                                                                                        4.5\/5 - (2 votes)        "},{"@context":"https:\/\/schema.org\/","@type":"BreadcrumbList","itemListElement":[{"@type":"ListItem","position":1,"name":"Um\u00edme vyu\u017e\u00edt v\u0161ech voln\u00fdch prostor","item":"https:\/\/www.eu1.cz\/umime-vyuzit-vsech-volnych-prostor\/#breadcrumbitem"}]}]