[{"@context":"https:\/\/schema.org\/","@type":"Article","@id":"https:\/\/www.eu1.cz\/prijemna-virivka\/#Article","mainEntityOfPage":"https:\/\/www.eu1.cz\/prijemna-virivka\/","headline":"P\u0159\u00edjemn\u00e1 v\u00ed\u0159ivka","name":"P\u0159\u00edjemn\u00e1 v\u00ed\u0159ivka","description":"V\u017edycky jsem doma v koupeln\u011b cht\u011bla m\u00edt n\u011bco, kde si mohu opravdu skv\u011bl\u00e9 odpo\u010dinout. Byla jsem r\u00e1da, kdy\u017e mi m\u016fj p\u0159\u00edtel \u0159ekl, \u017ee bychom si mohli po\u0159\u00eddit opravdu velikou vanu, tam se vejdeme oba dva. Tak jsem si \u0159\u00edkala, \u017ee by to bylo velice p\u0159\u00edjemn\u00e9, kdybychom vlastn\u011b v t\u00e9 van\u011b mohli b\u00fdt dva, tak to [&hellip;]","datePublished":"2023-01-14","dateModified":"2023-05-15","author":{"@type":"Person","@id":"https:\/\/www.eu1.cz\/author\/#Person","name":"","url":"https:\/\/www.eu1.cz\/author\/","identifier":1,"image":{"@type":"ImageObject","@id":"https:\/\/secure.gravatar.com\/avatar\/82449f5dd313bdc88befc1a2d3138ce45c5e7d5eeee84221e3cf7fbc184b80d3?s=96&d=mm&r=g","url":"https:\/\/secure.gravatar.com\/avatar\/82449f5dd313bdc88befc1a2d3138ce45c5e7d5eeee84221e3cf7fbc184b80d3?s=96&d=mm&r=g","height":96,"width":96}},"publisher":{"@type":"Organization","name":"eu1.cz","logo":{"@type":"ImageObject","@id":"\/logo.png","url":"\/logo.png","width":600,"height":60}},"image":{"@type":"ImageObject","@id":"https:\/\/www.eu1.cz\/wp-content\/uploads\/south-beach-891778_960_720_3.jpg","url":"https:\/\/www.eu1.cz\/wp-content\/uploads\/south-beach-891778_960_720_3.jpg","height":0,"width":0},"url":"https:\/\/www.eu1.cz\/prijemna-virivka\/","about":["Spole\u010dnosti"],"wordCount":438,"articleBody":"      V\u017edycky jsem doma v koupeln\u011b cht\u011bla m\u00edt n\u011bco, kde si mohu opravdu skv\u011bl\u00e9 odpo\u010dinout. Byla jsem r\u00e1da, kdy\u017e mi m\u016fj p\u0159\u00edtel \u0159ekl, \u017ee bychom si mohli po\u0159\u00eddit opravdu velikou vanu, tam se vejdeme oba dva. Tak jsem si \u0159\u00edkala, \u017ee by to bylo velice p\u0159\u00edjemn\u00e9, kdybychom vlastn\u011b v t\u00e9 van\u011b mohli b\u00fdt dva, tak to bylo vlastn\u011b opravdu perfektn\u00ed n\u00e1pad a taky by to bylo romantick\u00e9. Jenom\u017ee jsem potom u kamar\u00e1dky vid\u011bla, \u017ee moje kamar\u00e1dka si po\u0159izuje kr\u00e1snou v\u00ed\u0159ivku. Sice nebyla velik\u00e1 a neve\u0161li bychom se tam dva, ale zase ten pocit, \u017ee se m\u016f\u017eu b\u00fdt ve v\u00ed\u0159ivce, byl nepopsateln\u00fd. Taky jsem si \u0159ekla, \u017ee kdybych si lehla do kr\u00e1sn\u00e9 a p\u0159\u00edjemn\u00e9 v\u00ed\u0159ivky, \u017ee bych tam taky mohla \u010d\u00edst knihu anebo pop\u00edt \u0161ampa\u0148sk\u00e9. P\u0159esn\u011b tak, jak se to d\u011bl\u00e1 ve filmech, tak\u017ee jsem p\u0159\u00edteli \u0159ekla, jestli by nebylo nejlep\u0161\u00ed, kdybychom si m\u00edsto v n\u011bjak\u00e9 velk\u00e9 dvoum\u00edstn\u00e9 vany nepo\u0159\u00eddili jednu men\u0161\u00ed v\u00ed\u0159ivku. P\u0159\u00edtel na chv\u00edli dva dny p\u0159em\u00fd\u0161lel, ale nakonec mi dal za pravdu, \u017ee v\u00ed\u0159ivka bude opravdu lep\u0161\u00ed. \u017de si vlastn\u011b m\u016f\u017eeme j\u00edt n\u011bkam lehnout, t\u0159eba do hotelu, kde bude opravdu velik\u00e1 vana, tak\u017ee byste si velkou vanu u\u017e\u00edvali jenom v\u00fdjime\u010dn\u011b ve dvou. A kdyby se n\u00e1m n\u00e1hodou v\u00ed\u0159ivka rozbila, tak se pod\u00edv\u00e1me na webov\u00e9 str\u00e1nky servisvirivychvan.cz, kde jsou opravy v\u00ed\u0159ivky. Proto\u017ee do opravy v\u00ed\u0159ivky se opravdu nepou\u0161t\u011bjte sami, pokud s t\u00edm nem\u00e1te zku\u0161enosti a nejste k tomu vy\u0161kolen\u00ed. Mus\u00edte rad\u011bji nechat opravu v\u00ed\u0159ivky rad\u011bji na specialistech, proto\u017ee jist\u011b nechcete, aby se v\u00e1m v\u00ed\u0159iv\u00e1 vana rozbila \u00fapln\u011b. Tak\u017ee i v\u00e1m doporu\u010duji, kdyby se v\u00e1m rozbila v\u00ed\u0159ivka, tak nev\u00e1hejte a zajd\u011bte si rad\u011bji do specializovan\u00e9ho obchodu, kter\u00fd se zam\u011b\u0159uje na opravy v\u00ed\u0159ivky, proto\u017ee sami byste to t\u0159eba nezvl\u00e1dli. A kdybyste to n\u00e1hodou sami ud\u011blali a rozbili jste ji, tak by v\u00e1m potom opravu v\u00ed\u0159ivku u\u017e se asi nikde neud\u011blali, proto\u017ee kdybyste se tam n\u011bco rozbili sami vlastn\u00ed vinou, ani reklamace by v\u00e1m u\u017e nepomohla. tak\u017ee j\u00e1, kdybych si m\u011bla vybrat, tak bych jist\u011b za\u0161la do speci\u00e1ln\u00edho obchodu, kde se zam\u011b\u0159uj\u00ed hlavn\u011b na opravy v\u00ed\u0159ivek.                                                                                                                                                                                                                                                                                                                                                                                           4.1\/5 - (7 votes)        "},{"@context":"https:\/\/schema.org\/","@type":"BreadcrumbList","itemListElement":[{"@type":"ListItem","position":1,"name":"P\u0159\u00edjemn\u00e1 v\u00ed\u0159ivka","item":"https:\/\/www.eu1.cz\/prijemna-virivka\/#breadcrumbitem"}]}]