[{"@context":"https:\/\/schema.org\/","@type":"Article","@id":"https:\/\/www.eu1.cz\/nahlasime-sidlo-firmy-v-praze-a-bude-klid\/#Article","mainEntityOfPage":"https:\/\/www.eu1.cz\/nahlasime-sidlo-firmy-v-praze-a-bude-klid\/","headline":"Nahl\u00e1s\u00edme s\u00eddlo firmy v Praze a bude klid","name":"Nahl\u00e1s\u00edme s\u00eddlo firmy v Praze a bude klid","description":"Tak\u00e9 se chyst\u00e1te nahl\u00e1sit s\u00eddlo firmy v Praze, abyste m\u011bli klid od va\u0161ich soused\u016f a dal\u0161\u00edch lid\u00ed z ulice, kte\u0159\u00ed jsou p\u0159\u00edli\u0161 zv\u011bdav\u00ed, zasahuj\u00ed v\u00e1m do soukrom\u00ed a ze z\u00e1visti pak mohou b\u00fdt i nebezpe\u010dn\u00ed? Toto rozhodnut\u00ed ji\u017e podniklo mnoho lid\u00ed, a p\u0159esn\u011b doc\u00edlili sv\u00e9ho. Praha je toti\u017e natolik anonymn\u00ed m\u011bsto, \u017ee toho lze vyu\u017e\u00edt [&hellip;]","datePublished":"2024-07-12","dateModified":"2024-07-12","author":{"@type":"Person","@id":"https:\/\/www.eu1.cz\/author\/#Person","name":"","url":"https:\/\/www.eu1.cz\/author\/","identifier":1,"image":{"@type":"ImageObject","@id":"https:\/\/secure.gravatar.com\/avatar\/82449f5dd313bdc88befc1a2d3138ce45c5e7d5eeee84221e3cf7fbc184b80d3?s=96&d=mm&r=g","url":"https:\/\/secure.gravatar.com\/avatar\/82449f5dd313bdc88befc1a2d3138ce45c5e7d5eeee84221e3cf7fbc184b80d3?s=96&d=mm&r=g","height":96,"width":96}},"publisher":{"@type":"Organization","name":"eu1.cz","logo":{"@type":"ImageObject","@id":"\/logo.png","url":"\/logo.png","width":600,"height":60}},"image":{"@type":"ImageObject","@id":"https:\/\/www.eu1.cz\/wp-content\/uploads\/chairs-2181951_640_10.jpg","url":"https:\/\/www.eu1.cz\/wp-content\/uploads\/chairs-2181951_640_10.jpg","height":0,"width":0},"url":"https:\/\/www.eu1.cz\/nahlasime-sidlo-firmy-v-praze-a-bude-klid\/","about":["Spole\u010dnosti"],"wordCount":404,"articleBody":"   Tak\u00e9 se chyst\u00e1te nahl\u00e1sit s\u00eddlo firmy v Praze, abyste m\u011bli klid od va\u0161ich soused\u016f a dal\u0161\u00edch lid\u00ed z ulice, kte\u0159\u00ed jsou p\u0159\u00edli\u0161 zv\u011bdav\u00ed, zasahuj\u00ed v\u00e1m do soukrom\u00ed a ze z\u00e1visti pak mohou b\u00fdt i nebezpe\u010dn\u00ed? Toto rozhodnut\u00ed ji\u017e podniklo mnoho lid\u00ed, a p\u0159esn\u011b doc\u00edlili sv\u00e9ho. Praha je toti\u017e natolik anonymn\u00ed m\u011bsto, \u017ee toho lze vyu\u017e\u00edt nikoli pro trestnou \u010dinnost, ale pro poskytnut\u00ed z\u00e1zem\u00ed pro podnik\u00e1n\u00ed, ani\u017e by v\u00e1m n\u011bkdo vid\u011bl do karet, pozoroval v\u00e1s, \u0161m\u00edroval v\u00e1s, sledoval \u010di dokonce fotografoval a filmoval. Pokud sv\u00fdm soused\u016fm neprozrad\u00edte ze sv\u00e9ho \u017eivota v\u016fbec nic, maxim\u00e1ln\u011b se dozv\u00ed, \u017ee jste si koupil nov\u00e9 boty, pak m\u016f\u017eete b\u00fdt klidn\u00ed a v\u011bnovat se sv\u00e9mu podnik\u00e1n\u00ed naplno.Virtu\u00e1ln\u00ed a fyzick\u00e1 kancel\u00e1\u0159 \u2013 velkou v\u00fdhodou virtu\u00e1ln\u00edch s\u00eddel v Praze je mo\u017enost vyu\u017e\u00edvat i fyzickou kancel\u00e1\u0159 \u2013 zasedac\u00ed m\u00edstnost, kter\u00e1 slou\u017e\u00ed pro po\u0159\u00e1d\u00e1n\u00ed obchodn\u00edch sch\u016fzek, \u0161kolen\u00ed, firemn\u00edch prezentac\u00ed a dal\u0161\u00ed jedn\u00e1n\u00ed a administrativn\u00ed \u00fakony. Zasedac\u00ed m\u00edstnost je dostate\u010dn\u011b reprezentativn\u00ed a v Praze se budou va\u0161i obchodn\u00ed \u010di provozn\u00ed partne\u0159i c\u00edtit mnohem l\u00e9pe, ne\u017e kdekoli jinde, a to nejen proto, \u017ee je to presti\u017en\u00ed z\u00e1le\u017eitost, n\u00fdbr\u017e i pro Prahu samotnou z hlediska p\u0159\u00edrodn\u00edch kr\u00e1s a historick\u00fdch pam\u00e1tek. Do Prahy se nemus\u00edte styd\u011bt pozvat kohokoli, proto\u017ee je tu tolik mo\u017enost\u00ed, co se t\u00fd\u010de v\u00fdlet\u016f a dal\u0161\u00edch forem tr\u00e1ven\u00ed voln\u00e9ho \u010dasu, a m\u016f\u017eete si b\u00fdt jisti, \u017ee s velkou pravd\u011bpodobnost\u00ed se tu bude va\u0161im host\u016fm l\u00edbit. V Praze m\u016f\u017eete samoz\u0159ejm\u011b zav\u00edtat na Karl\u016fv most a na Starom\u011bstsk\u00e9 n\u00e1m\u011bst\u00ed, ov\u0161em krom\u011b toho v\u00e1m doporu\u010dujeme vyu\u017e\u00edt p\u0159\u00edzniv\u00fdch energi\u00ed v m\u00edstech, kam chod\u00ed Pra\u017ean\u00e9 za odpo\u010dinkem. Kup\u0159\u00edkladu se k tomu velmi dob\u0159e hod\u00ed Letensk\u00e9 sady, N\u00e1rodn\u00ed muzeum na V\u00e1clavsk\u00e9m n\u00e1m\u011bst\u00ed, Pet\u0159\u00edn, Prokopsk\u00e9 \u00fadol\u00ed, pam\u00e1tn\u00edk na \u017di\u017ekov\u011b, P\u0159\u00edrodn\u00ed park Divok\u00e1 \u0160\u00e1rka \u2013 Lysolaje, P\u0159\u00edrodn\u00ed park Ko\u0161\u00ed\u0159e \u2013 Motol, aktivn\u00ed lesopark \u0158epy, Kr\u00e1lovsk\u00e1 obora Stromovka anebo P\u0159\u00edrodn\u00ed park Obora Hv\u011bzda.                                                                                                                                                                                                                                                                                                                                                                                          3.5\/5 - (6 votes)        "},{"@context":"https:\/\/schema.org\/","@type":"BreadcrumbList","itemListElement":[{"@type":"ListItem","position":1,"name":"Nahl\u00e1s\u00edme s\u00eddlo firmy v Praze a bude klid","item":"https:\/\/www.eu1.cz\/nahlasime-sidlo-firmy-v-praze-a-bude-klid\/#breadcrumbitem"}]}]